{"id":757,"date":"2019-03-21T12:59:24","date_gmt":"2019-03-21T10:59:24","guid":{"rendered":"http:\/\/schloss-reinhardsbrunn.de\/?p=757"},"modified":"2019-03-22T13:00:17","modified_gmt":"2019-03-22T11:00:17","slug":"arbeitseinsatz-im-schlosspark-reinhardsbrunn","status":"publish","type":"post","link":"http:\/\/www.schloss-reinhardsbrunn.de\/?p=757","title":{"rendered":"Arbeitseinsatz im Schlo\u00dfpark Reinhardsbrunn"},"content":{"rendered":"\n<p>Auch in diesem Jahr liegt uns der Schlosspark Reinhardsbrunn am Herzen.\u00a0 Der Winter mit seinen st\u00fcrmischen Wetter hat seine Spuren hinterlassen.\u00a0Die Wege sind von Bruchholz zu befreien und das Laub der uralten B\u00e4ume kann ger\u00e4umt werden.\u00a0 Aufr\u00e4umungsarbeiten werden der Schwerpunkt des ersten Arbeitseinsatzes sein. Vom B\u00fcrgermeister von Friedrichroda Thomas Kl\u00f6ppel kam die Initiative die Aufr\u00e4umungsarbeiten in der Stadt mit den Arbeitseinsatz in Reinhardsbrunn zeitgleich durchzuf\u00fchren.\u00a0<\/p>\n\n\n\n<p>In der Tagespresse( TLZ\/TA) wurde der Termin 30 . M\u00e4rz&nbsp; der \u00d6ffentlichkeit schon mitgeteilt. Daf\u00fcr m\u00f6chten wir der Redaktion unseren ausdr\u00fccklichen Dank mitteilen. Wir bitten die Mitstreiter\/ Sympathisanten und allen die sich am 30 . M\u00e4rz beteiligen wollen, Arbeitsger\u00e4te mitzubringen. F\u00fcr Essen und Trinken wird gesorgt und auch mit kleinen kulturellen \u00dcberraschungen kann gerechnet werden.&nbsp;<\/p>\n\n\n\n<p>Herzliche Einladung f\u00fcr alle die dabei sein m\u00f6chten.<\/p>\n\n\n\n<p>Hier nochmal die exakten Daten:<br> Zeit: 30. M\u00e4rz 2019 &#8211; 9.00 Uhr Dauer : bis ca. 15.00 Uhr<\/p>\n\n\n\n<p>Jeder kann seine Einsatzzeit individuell festlegen und die Gem\u00fctlichkeit und der Austausch der Gedanken soll nicht zu kurz kommen.&nbsp;<\/p>\n\n\n\n<p>Treffpunkt: Kavaliershaus ( ehemaliger Intershop)<\/p>\n\n\n\n<p>Auf Euer Kommen freuen sich die Schlossfreunde &amp; Andreas Paasche<br><\/p>\n","protected":false},"excerpt":{"rendered":"<p>Auch in diesem Jahr liegt uns der Schlosspark Reinhardsbrunn am Herzen.\u00a0 Der Winter mit seinen st\u00fcrmischen Wetter hat seine Spuren hinterlassen.\u00a0Die Wege sind von Bruchholz zu befreien und das Laub der uralten B\u00e4ume kann ger\u00e4umt werden.\u00a0 Aufr\u00e4umungsarbeiten werden der Schwerpunkt des ersten Arbeitseinsatzes sein. Vom B\u00fcrgermeister von Friedrichroda Thomas Kl\u00f6ppel&#46;&#46;&#46;<\/p>\n","protected":false},"author":1,"featured_media":615,"comment_status":"closed","ping_status":"closed","sticky":false,"template":"","format":"standard","meta":{"jetpack_post_was_ever_published":false,"_jetpack_newsletter_access":"","_jetpack_dont_email_post_to_subs":false,"_jetpack_newsletter_tier_id":0,"_jetpack_memberships_contains_paywalled_content":false,"_jetpack_memberships_contains_paid_content":false,"footnotes":"","jetpack_publicize_message":"","jetpack_publicize_feature_enabled":true,"jetpack_social_post_already_shared":true,"jetpack_social_options":{"image_generator_settings":{"template":"highway","enabled":false}}},"categories":[1],"tags":[],"jetpack_publicize_connections":[],"jetpack_featured_media_url":"http:\/\/www.schloss-reinhardsbrunn.de\/wp-content\/uploads\/2017\/04\/IMG_2842.jpg","jetpack_sharing_enabled":true,"jetpack_shortlink":"https:\/\/wp.me\/p7Upjq-cd","_links":{"self":[{"href":"http:\/\/www.schloss-reinhardsbrunn.de\/index.php?rest_route=\/wp\/v2\/posts\/757"}],"collection":[{"href":"http:\/\/www.schloss-reinhardsbrunn.de\/index.php?rest_route=\/wp\/v2\/posts"}],"about":[{"href":"http:\/\/www.schloss-reinhardsbrunn.de\/index.php?rest_route=\/wp\/v2\/types\/post"}],"author":[{"embeddable":true,"href":"http:\/\/www.schloss-reinhardsbrunn.de\/index.php?rest_route=\/wp\/v2\/users\/1"}],"replies":[{"embeddable":true,"href":"http:\/\/www.schloss-reinhardsbrunn.de\/index.php?rest_route=%2Fwp%2Fv2%2Fcomments&post=757"}],"version-history":[{"count":1,"href":"http:\/\/www.schloss-reinhardsbrunn.de\/index.php?rest_route=\/wp\/v2\/posts\/757\/revisions"}],"predecessor-version":[{"id":758,"href":"http:\/\/www.schloss-reinhardsbrunn.de\/index.php?rest_route=\/wp\/v2\/posts\/757\/revisions\/758"}],"wp:featuredmedia":[{"embeddable":true,"href":"http:\/\/www.schloss-reinhardsbrunn.de\/index.php?rest_route=\/wp\/v2\/media\/615"}],"wp:attachment":[{"href":"http:\/\/www.schloss-reinhardsbrunn.de\/index.php?rest_route=%2Fwp%2Fv2%2Fmedia&parent=757"}],"wp:term":[{"taxonomy":"category","embeddable":true,"href":"http:\/\/www.schloss-reinhardsbrunn.de\/index.php?rest_route=%2Fwp%2Fv2%2Fcategories&post=757"},{"taxonomy":"post_tag","embeddable":true,"href":"http:\/\/www.schloss-reinhardsbrunn.de\/index.php?rest_route=%2Fwp%2Fv2%2Ftags&post=757"}],"curies":[{"name":"wp","href":"https:\/\/api.w.org\/{rel}","templated":true}]}}