{"id":604,"date":"2016-10-08T13:25:01","date_gmt":"2016-10-08T11:25:01","guid":{"rendered":"http:\/\/schloss-reinhardsbrunn.de\/?p=604"},"modified":"2016-10-08T13:26:15","modified_gmt":"2016-10-08T11:26:15","slug":"reinhardsbrunner-poesienacht","status":"publish","type":"post","link":"http:\/\/www.schloss-reinhardsbrunn.de\/?p=604","title":{"rendered":"Reinhardsbrunner Poesienacht"},"content":{"rendered":"<div id=\"u1546-4\" class=\"clearfix colelem\" data-muse-uid=\"U1546\" data-muse-type=\"txt_frame\">\n<h3>Reinhardsbrunner Poesiealbum<\/h3>\n<\/div>\n<div id=\"u1545-4\" class=\"clearfix colelem\" data-muse-uid=\"U1545\" data-muse-type=\"txt_frame\">\n<p>Eine Anthologie der Poesien\u00e4chte<\/p>\n<\/div>\n<div id=\"u1576-4\" class=\"clearfix colelem\" data-muse-uid=\"U1576\" data-muse-type=\"txt_frame\">\n<p>Autoren: Dr. Roland Scharff, Martina Giese-Rothe, Peter K\u00f6llner, Claudia Paal,\u00a0Walter Dawidowicz, J\u00fcrgen Herwig, Andreas Paasche, Uwe Zerbst<\/p>\n<\/div>\n<p>Anfangs war es nur ein Gedanke, eine Poesienacht zu veranstalten, eine Traumvorstellung, denn nichts passt besser zu diesem Ort und seiner Vorgeschichte als Poesie und Lyrik.\u00a0Wider Erwarten fand diese Idee Anklang, wurde aufgenommen und konnte tats\u00e4chlich umgesetzt werden.\u00a0Seit 2013 findet seither allj\u00e4hrlich die \u201eReinhardsbrunner Poesienacht\u201c statt und das mit gro\u00dfer Resonanz. Wichtig war uns dabei, dass vor allem K\u00fcnstler und Lyriker der Heimat hier eingebunden werden und sich pr\u00e4sentieren k\u00f6nnen. Gern gesehen sind auch Mitwirkende und G\u00e4ste, die es uns erm\u00f6glichen auf diese poetische Art den Blick \u00fcber Reinhardsbrunn hinaus zu richten und somit Impulse f\u00fcr unsere Region geben zu k\u00f6nnen.\u00a0In diesem Buch finden Sie eine Zusammenstellung der besten Beitr\u00e4ge der letzten Jahre. Es geht nat\u00fcrlich auch um Schloss Rein-hardsbrunn, sei es als Gedichte, Erz\u00e4hlungen und \u00fcbersetzte Briefe der K\u00f6nigin Victoria &#8230; eine bunte Vielfalt von Gedanken &amp; Geschichten.<\/p>\n<div id=\"u1546-4\" class=\"clearfix colelem\" data-muse-uid=\"U1546\" data-muse-type=\"txt_frame\">\n<p>Erschienen bei: Macholdt &#8211; Der Verlag 2016 \/ ISBN 978-3-946031-04-8 \/ Preis: EUR 9,80\u00a0\/ <a href=\"http:\/\/macholdtverlag.businesscatalyst.com\/formular.html\" target=\"_blank\">Bestellung\u00a0<\/a><\/p>\n<\/div>\n","protected":false},"excerpt":{"rendered":"<p>Reinhardsbrunner Poesiealbum Eine Anthologie der Poesien\u00e4chte Autoren: Dr. Roland Scharff, Martina Giese-Rothe, Peter K\u00f6llner, Claudia Paal,\u00a0Walter Dawidowicz, J\u00fcrgen Herwig, Andreas Paasche, Uwe Zerbst Anfangs war es nur ein Gedanke, eine Poesienacht zu veranstalten, eine Traumvorstellung, denn nichts passt besser zu diesem Ort und seiner Vorgeschichte als Poesie und Lyrik.\u00a0Wider Erwarten&#46;&#46;&#46;<\/p>\n","protected":false},"author":1,"featured_media":606,"comment_status":"closed","ping_status":"closed","sticky":false,"template":"","format":"standard","meta":{"jetpack_post_was_ever_published":false,"_jetpack_newsletter_access":"","_jetpack_dont_email_post_to_subs":true,"_jetpack_newsletter_tier_id":0,"_jetpack_memberships_contains_paywalled_content":false,"_jetpack_memberships_contains_paid_content":false,"footnotes":"","jetpack_publicize_message":"","jetpack_publicize_feature_enabled":true,"jetpack_social_post_already_shared":true,"jetpack_social_options":{"image_generator_settings":{"template":"highway","enabled":false}}},"categories":[1,13],"tags":[],"jetpack_publicize_connections":[],"jetpack_featured_media_url":"http:\/\/www.schloss-reinhardsbrunn.de\/wp-content\/uploads\/2016\/10\/Poesie-500.jpg","jetpack_sharing_enabled":true,"jetpack_shortlink":"https:\/\/wp.me\/p7Upjq-9K","_links":{"self":[{"href":"http:\/\/www.schloss-reinhardsbrunn.de\/index.php?rest_route=\/wp\/v2\/posts\/604"}],"collection":[{"href":"http:\/\/www.schloss-reinhardsbrunn.de\/index.php?rest_route=\/wp\/v2\/posts"}],"about":[{"href":"http:\/\/www.schloss-reinhardsbrunn.de\/index.php?rest_route=\/wp\/v2\/types\/post"}],"author":[{"embeddable":true,"href":"http:\/\/www.schloss-reinhardsbrunn.de\/index.php?rest_route=\/wp\/v2\/users\/1"}],"replies":[{"embeddable":true,"href":"http:\/\/www.schloss-reinhardsbrunn.de\/index.php?rest_route=%2Fwp%2Fv2%2Fcomments&post=604"}],"version-history":[{"count":2,"href":"http:\/\/www.schloss-reinhardsbrunn.de\/index.php?rest_route=\/wp\/v2\/posts\/604\/revisions"}],"predecessor-version":[{"id":608,"href":"http:\/\/www.schloss-reinhardsbrunn.de\/index.php?rest_route=\/wp\/v2\/posts\/604\/revisions\/608"}],"wp:featuredmedia":[{"embeddable":true,"href":"http:\/\/www.schloss-reinhardsbrunn.de\/index.php?rest_route=\/wp\/v2\/media\/606"}],"wp:attachment":[{"href":"http:\/\/www.schloss-reinhardsbrunn.de\/index.php?rest_route=%2Fwp%2Fv2%2Fmedia&parent=604"}],"wp:term":[{"taxonomy":"category","embeddable":true,"href":"http:\/\/www.schloss-reinhardsbrunn.de\/index.php?rest_route=%2Fwp%2Fv2%2Fcategories&post=604"},{"taxonomy":"post_tag","embeddable":true,"href":"http:\/\/www.schloss-reinhardsbrunn.de\/index.php?rest_route=%2Fwp%2Fv2%2Ftags&post=604"}],"curies":[{"name":"wp","href":"https:\/\/api.w.org\/{rel}","templated":true}]}}