{"id":394,"date":"2001-10-12T19:14:35","date_gmt":"2001-10-12T17:14:35","guid":{"rendered":"http:\/\/schloss-reinhardsbrunn.de\/?p=394"},"modified":"2019-03-23T14:19:12","modified_gmt":"2019-03-23T12:19:12","slug":"nebuloes-von-vera-daehnert","status":"publish","type":"post","link":"http:\/\/www.schloss-reinhardsbrunn.de\/?p=394","title":{"rendered":"Nebul\u00f6s \/\/ von Vera D\u00e4hnert"},"content":{"rendered":"<p>Es ist ein Dauerbrenner bei den Anfragen im Stadtrat Friedrichroda: Was wird mit Schloss- und Park-Hotel in Reinhardsbrunn? Die Fried\u00adrichrodaer \u00e4rgert, es, dass der erste Blick Fremder auf eine Hotel-Ruine f\u00e4llt, aus deren Dachrinnen bereits die B\u00e4ume wachsen. Dass zum Jahresende auch noch das Kavaliershaus dicht machen wird, \u00e4rgert nat\u00fcrlich auch. Dabei begann alles so hoffnungsvoll: Die heutige Ressort-Hotelgruppe \u00fcbernahm die H\u00e4user von der Treuhand mit Auflage zu sanieren. F\u00fcnf Millionen Mark wurden investiert. Es gab gro\u00dfe Pl\u00e4ne, ein neues Bettenhaus mit 28O Betten zu errichten, daraus wurde nichts. Die von der Hotelkette an der Ostsee \u00fcbernommenen Urlaubertempel hatten immer Vorrang beim Um- und Ausbau. B\u00fcrgermeister Klaus Henniges&#8216; Versuche, mit der Gesch\u00e4ftsf\u00fchrung in Berlin Gespr\u00e4che zu f\u00fchren, scheiterten meisten; weil an die Ver\u00adantwortlichen nicht heranzu\u00adkommen war oder Antworten nur vertr\u00f6stend ausfielen. Sein Beigeordneter Peter K\u00fchner vermutet sogar, dass die Hotel\u00adgruppe arge finanzielle Proble\u00adme habe. Doch Genaues wei\u00df man nicht. Und so schwebt \u00fcber der Hotellandschaft Rein\u00adhardsbrunns ein nebul\u00f6ser Schleier. In K\u00fcrze empf\u00e4ngt Klaue Henniges die Berliner Hotel-Manager in Friedrichroda. Der Stadtrat machte ihm noch mal Druck, konkrete Aussagen zu verlangen. <em>Th\u00fcringer Allgemeine 12.10.2001<\/em><\/p>\n","protected":false},"excerpt":{"rendered":"<p>Es ist ein Dauerbrenner bei den Anfragen im Stadtrat Friedrichroda: Was wird mit Schloss- und Park-Hotel in Reinhardsbrunn? Die Fried\u00adrichrodaer \u00e4rgert, es, dass der erste Blick Fremder auf eine Hotel-Ruine f\u00e4llt, aus deren Dachrinnen bereits die B\u00e4ume wachsen. Dass zum Jahresende auch noch das Kavaliershaus dicht machen wird, \u00e4rgert nat\u00fcrlich&#46;&#46;&#46;<\/p>\n","protected":false},"author":1,"featured_media":765,"comment_status":"closed","ping_status":"closed","sticky":false,"template":"","format":"standard","meta":{"jetpack_post_was_ever_published":false,"_jetpack_newsletter_access":"","_jetpack_dont_email_post_to_subs":false,"_jetpack_newsletter_tier_id":0,"_jetpack_memberships_contains_paywalled_content":false,"_jetpack_memberships_contains_paid_content":false,"footnotes":"","jetpack_publicize_message":"","jetpack_publicize_feature_enabled":true,"jetpack_social_post_already_shared":false,"jetpack_social_options":{"image_generator_settings":{"template":"highway","enabled":false}}},"categories":[15],"tags":[],"jetpack_publicize_connections":[],"jetpack_featured_media_url":"http:\/\/www.schloss-reinhardsbrunn.de\/wp-content\/uploads\/2016\/08\/zeitung-2.jpg","jetpack_sharing_enabled":true,"jetpack_shortlink":"https:\/\/wp.me\/p7Upjq-6m","_links":{"self":[{"href":"http:\/\/www.schloss-reinhardsbrunn.de\/index.php?rest_route=\/wp\/v2\/posts\/394"}],"collection":[{"href":"http:\/\/www.schloss-reinhardsbrunn.de\/index.php?rest_route=\/wp\/v2\/posts"}],"about":[{"href":"http:\/\/www.schloss-reinhardsbrunn.de\/index.php?rest_route=\/wp\/v2\/types\/post"}],"author":[{"embeddable":true,"href":"http:\/\/www.schloss-reinhardsbrunn.de\/index.php?rest_route=\/wp\/v2\/users\/1"}],"replies":[{"embeddable":true,"href":"http:\/\/www.schloss-reinhardsbrunn.de\/index.php?rest_route=%2Fwp%2Fv2%2Fcomments&post=394"}],"version-history":[{"count":1,"href":"http:\/\/www.schloss-reinhardsbrunn.de\/index.php?rest_route=\/wp\/v2\/posts\/394\/revisions"}],"predecessor-version":[{"id":395,"href":"http:\/\/www.schloss-reinhardsbrunn.de\/index.php?rest_route=\/wp\/v2\/posts\/394\/revisions\/395"}],"wp:featuredmedia":[{"embeddable":true,"href":"http:\/\/www.schloss-reinhardsbrunn.de\/index.php?rest_route=\/wp\/v2\/media\/765"}],"wp:attachment":[{"href":"http:\/\/www.schloss-reinhardsbrunn.de\/index.php?rest_route=%2Fwp%2Fv2%2Fmedia&parent=394"}],"wp:term":[{"taxonomy":"category","embeddable":true,"href":"http:\/\/www.schloss-reinhardsbrunn.de\/index.php?rest_route=%2Fwp%2Fv2%2Fcategories&post=394"},{"taxonomy":"post_tag","embeddable":true,"href":"http:\/\/www.schloss-reinhardsbrunn.de\/index.php?rest_route=%2Fwp%2Fv2%2Ftags&post=394"}],"curies":[{"name":"wp","href":"https:\/\/api.w.org\/{rel}","templated":true}]}}